{"id":103,"date":"2007-09-15T12:33:04","date_gmt":"2007-09-15T09:33:04","guid":{"rendered":"http:\/\/mucize.net\/dualar\/dualar\/bize-merhamet-et-ve-bize-lutfunla-muamele-et.html"},"modified":"2007-09-15T12:33:04","modified_gmt":"2007-09-15T09:33:04","slug":"bize-merhamet-et-ve-bize-lutfunla-muamele-et","status":"publish","type":"post","link":"http:\/\/mucize.net\/dualar\/bize-merhamet-et-ve-bize-lutfunla-muamele-et.html","title":{"rendered":"Bize merhamet et ve bize l\u00fctfunla muamele et!"},"content":{"rendered":"<p style=\"padding-right: 2px; padding-left: 2px\"><span class=\"name\"><font size=\"5\" color=\"#669988\">RECEP<\/font><\/span><\/p>\n<p style=\"padding-right: 10px; padding-left: 10px\"><span class=\"customname\"><font size=\"2\" color=\"#888888\" face=\"Arial\">Nerden:<\/font><\/span> <font size=\"2\"><font color=\"#888888\"><font face=\"Arial\"><span class=\"customval\">\u0130ZM\u0130R<\/span><br \/>\n<span class=\"customname\">Ya\u015f:<\/span><\/font><\/font><\/font> <font size=\"2\"><font color=\"#888888\"><font face=\"Arial\"><span class=\"customval\">48<\/span><\/p>\n<p><\/font><\/font><\/font><font size=\"1\"><font color=\"#888888\"><font face=\"Arial\"><span class=\"smalldata\">Pazartesi, 09.Nisan, 2007 &#8211; 00:52 <\/span><br \/>\n<\/font><\/font><\/font><span class=\"text\"><font size=\"2\" face=\"Arial\">\u0130nsanl\u0131k \u00e2leminin en \u015fereflisi, \u00eeman hakikatlerinin merkezi, ihsan\u00ee tecellilerin T\u00fbr&#8217;u, Rahm\u00e2n\u00ee s\u0131rlar\u0131n ini\u015f yeri, memleket-i Rabb\u00e2niyenin sem\u00e2s\u0131, peygamberler gerdanl\u0131\u011f\u0131n\u0131n ortas\u0131ndaki en b\u00fcy\u00fck m\u00fccevheri, peygamberler ordusunun komutan\u0131, peygam-berler kervan\u0131n\u0131n \u00f6nc\u00fcs\u00fc, b\u00fct\u00fcn varl\u0131klar\u0131n en \u00fcst\u00fcn\u00fc, izzet sanca-\u011f\u0131n\u0131n sancakt\u00e2r\u0131, \u015feref ve vakar dizginlerinin sahibi, ezel s\u0131rlar\u0131n\u0131n \u015f\u00e2hidi, zaman ve mek\u00e2n \u00fcst\u00fc ezel\u00ee lisan\u0131n terc\u00fcman\u0131; ilmin, hil-min ve hikmetlerin kayna\u011f\u0131, c\u00fcz&#8217;\u00ee-k\u00fcll\u00ee her bir c\u00f6mertlik s\u0131rr\u0131n\u0131n kayna\u011f\u0131, yer ve g\u00f6k \u00e2lemlerinin g\u00f6zbebe\u011fi, iki cihan\u0131n ruhu, d\u00fcnya ve \u00e2hiret hayat\u0131n\u0131n g\u00f6z\u00fc, kulluk r\u00fctbelerinin en y\u00fckse\u011fine ula\u015ft\u0131ran\u0131; ar\u0131nm\u0131\u015f, en se\u00e7kin makamlara l\u00e2y\u0131k olan\u0131, en b\u00fcy\u00fck dost ve pek \u015ferefli sevgili, Abdulmuttalib&#8217;in torunu Abdullah o\u011flu Efendimiz Muhammed&#8217;e, di\u011fer neb\u00ee ve resullere, \u00e2line ve b\u00fct\u00fcn ash\u00e2b\u0131na, mukarreb meleklere, g\u00f6klerde ve yerlerde bulunan Senin s\u00e2lih kullar\u0131na rahmetlerinin en \u00fcst\u00fcn\u00fcn\u00fc ebed\u00ee k\u0131l. Bereketi-nin artarak devam etmesini nasip eyle ve sel\u00e2mlar\u0131n\u0131n en p\u00e2k olan\u0131n\u0131n say\u0131ca art\u0131r!\u2014Allah onlardan ve hepimizden raz\u0131 olsun\u2014Onlar \u00fczerine \u00e7ok sel\u00e2m et.<br \/>\nZikredenler Seni and\u0131\u011f\u0131, g\u00e2filler de zikrinden geri kald\u0131\u011f\u0131 m\u00fcddet\u00e7e, her g\u00f6z a\u00e7\u0131p kapamada milyon kere sal\u00e2t ve sel\u00e2m et. Bu sal\u00e2vatlar\u0131n her birisi h\u00fcrmetine, ey \u0130l\u00e2h\u0131m\u0131z, bizi ba\u011f\u0131\u015fla,<br \/>\nbize merhamet et ve bize l\u00fctfunla muamele et!<br \/>\nAllah&#8217;\u0131m, asl\u0131n ve asaletin nurlu a\u011fac\u0131; Rahm\u00e2n\u00ee m\u00fclk ve ihsanlar\u0131n par\u0131lt\u0131s\u0131; yarat\u0131l\u0131\u015f bak\u0131m\u0131ndan insanlar\u0131n en \u00fcst\u00fcn\u00fc; cism\u00e2n\u00ee s\u00fbretlerin en m\u00fckemmeli; Rabb\u00e2n\u00ee s\u0131rlar\u0131n ve gayb\u00ee ilim hazinelerinin kayna\u011f\u0131; as\u0131l m\u00fclk ve ger\u00e7ek nimetin, g\u00f6z kama\u015ft\u0131r\u0131c\u0131 g\u00fczelli\u011fin ve y\u00fcce r\u00fctbenin sahibi; b\u00fct\u00fcn peygamberlerin kendi sanca\u011f\u0131 alt\u0131nda topland\u0131\u011f\u0131 Efendimiz Muhammed&#8217;e sal\u00e2t et. Ona ve onun \u00e2l ve ash\u00e2b\u0131na pek \u00e7ok sel\u00e2m eyle! \u00d6ld\u00fcrd\u00fcklerini diriltece\u011fin g\u00fcne kadar yaratt\u0131\u011f\u0131n, r\u0131z\u0131kland\u0131rd\u0131\u011f\u0131n, \u00f6ld\u00fcrd\u00fc\u011f\u00fcn ve diriltti\u011fin b\u00fct\u00fcn varl\u0131klar say\u0131s\u0131nca onlara sal\u00e2t ve sel\u00e2m eyle. Ezelden ebede her t\u00fcrl\u00fc hamd ve \u00f6vg\u00fc, \u015f\u00fck\u00fcr ve minnet, \u00e2lemlerin Rabbi olan Allah&#8217;a mahsustur. Allah&#8217;\u0131m, s\u0131rlar semas\u0131n\u0131n g\u00fcne\u015fi, nurlar\u0131n mazhar\u0131, cel\u00e2l dairesinin merkezi, cemal \u00e2leminin kutbu olan Muhammed&#8217;in, \u0130l\u00e2h\u00ee isimlere eh\u00e2diyet tecellisiyle a&#8217;z\u00e2m derecesinde mazhar olmu\u015f l\u00e2tif z\u00e2t\u0131na sal\u00e2t eyle! Allah&#8217;\u0131m, kat\u0131ndaki o zat\u0131n s\u0131rr\u0131; ve iman ve kulluk yoluyla manev\u00ee makamlar\u0131 a\u015farak Sana yak\u0131nla\u015fmas\u0131 h\u00fcrmetine korkumu emniyete \u00e7evir.<br \/>\nMadd\u00ee ve manev\u00ee d\u00fc\u015f\u00fc\u015flerden beni koru. \u00dcz\u00fcnt\u00fcm\u00fc ve h\u0131rs\u0131m\u0131 gider, yard\u0131m\u0131n\u0131 \u00fczerimden eksik etme. Beni r\u0131zan d\u0131\u015f\u0131ndaki her \u015feyden alarak kullu\u011fun kem\u00e2line ula\u015ft\u0131r. Bencilli\u011fimi ve enaniyetimi yok etmek suretiyle beni r\u0131z\u0131kland\u0131r. Beni nefsime meftun ve hislerimle perdelenmi\u015f bas\u00eeretsiz etme; her gizli s\u0131rr\u0131 bana a\u00e7! Ey varl\u0131klara hayat verip canland\u0131ran, Kendi hayat\u0131 ise z\u00e2t\u00ee, ezel\u00ee ve ebed\u00ee olan; varl\u0131\u011f\u0131yla b\u00fct\u00fcn varl\u0131klar\u0131 d\u00fczenli bir \u015fekilde ayakta tutan; fakat Kendi varl\u0131\u011f\u0131 ise hi\u00e7bir varl\u0131\u011fa ba\u011fl\u0131 olmayan Hayyu Kayy\u00fbm, Ey Hayyu Kayy\u00fbm, Ey Hayyu Kayy\u00fbm!<\/font><br \/>\n<\/span><\/p>\n","protected":false},"excerpt":{"rendered":"<p>RECEP Nerden: \u0130ZM\u0130R Ya\u015f: 48 Pazartesi, 09.Nisan, 2007 &#8211; 00:52 \u0130nsanl\u0131k \u00e2leminin en \u015fereflisi, \u00eeman hakikatlerinin merkezi, ihsan\u00ee tecellilerin T\u00fbr&#8217;u, Rahm\u00e2n\u00ee s\u0131rlar\u0131n ini\u015f yeri, memleket-i Rabb\u00e2niyenin sem\u00e2s\u0131, peygamberler gerdanl\u0131\u011f\u0131n\u0131n ortas\u0131ndaki en b\u00fcy\u00fck m\u00fccevheri, peygamberler ordusunun komutan\u0131, peygam-berler kervan\u0131n\u0131n \u00f6nc\u00fcs\u00fc, b\u00fct\u00fcn varl\u0131klar\u0131n en \u00fcst\u00fcn\u00fc, izzet sanca-\u011f\u0131n\u0131n sancakt\u00e2r\u0131, \u015feref ve vakar dizginlerinin sahibi, ezel s\u0131rlar\u0131n\u0131n \u015f\u00e2hidi, zaman &hellip; <a href=\"http:\/\/mucize.net\/dualar\/bize-merhamet-et-ve-bize-lutfunla-muamele-et.html\" class=\"more-link\">Okumaya devam et<span class=\"screen-reader-text\"> &#8220;Bize merhamet et ve bize l\u00fctfunla muamele et!&#8221;<\/span><\/a><\/p>\n","protected":false},"author":1,"featured_media":0,"comment_status":"open","ping_status":"open","sticky":false,"template":"","format":"standard","meta":[],"categories":[1],"tags":[],"_links":{"self":[{"href":"http:\/\/mucize.net\/dualar\/wp-json\/wp\/v2\/posts\/103"}],"collection":[{"href":"http:\/\/mucize.net\/dualar\/wp-json\/wp\/v2\/posts"}],"about":[{"href":"http:\/\/mucize.net\/dualar\/wp-json\/wp\/v2\/types\/post"}],"author":[{"embeddable":true,"href":"http:\/\/mucize.net\/dualar\/wp-json\/wp\/v2\/users\/1"}],"replies":[{"embeddable":true,"href":"http:\/\/mucize.net\/dualar\/wp-json\/wp\/v2\/comments?post=103"}],"version-history":[{"count":0,"href":"http:\/\/mucize.net\/dualar\/wp-json\/wp\/v2\/posts\/103\/revisions"}],"wp:attachment":[{"href":"http:\/\/mucize.net\/dualar\/wp-json\/wp\/v2\/media?parent=103"}],"wp:term":[{"taxonomy":"category","embeddable":true,"href":"http:\/\/mucize.net\/dualar\/wp-json\/wp\/v2\/categories?post=103"},{"taxonomy":"post_tag","embeddable":true,"href":"http:\/\/mucize.net\/dualar\/wp-json\/wp\/v2\/tags?post=103"}],"curies":[{"name":"wp","href":"https:\/\/api.w.org\/{rel}","templated":true}]}}