{"id":114,"date":"2007-09-15T13:17:54","date_gmt":"2007-09-15T10:17:54","guid":{"rendered":"http:\/\/mucize.net\/dualar\/dualar\/rabbim-bizi-affet.html"},"modified":"2007-09-15T13:17:54","modified_gmt":"2007-09-15T10:17:54","slug":"rabbim-bizi-affet","status":"publish","type":"post","link":"http:\/\/mucize.net\/dualar\/rabbim-bizi-affet.html","title":{"rendered":"Rabbim bizi affet."},"content":{"rendered":"<p style=\"padding-right: 2px; padding-left: 2px\"><span class=\"name\"><font size=\"5\" color=\"#669988\">sinan ince<\/font><\/span><\/p>\n<p style=\"padding-right: 10px; padding-left: 10px\"><span class=\"customname\"><font size=\"2\" color=\"#888888\" face=\"Arial\">Nerden:<\/font><\/span> <font size=\"2\"><font color=\"#888888\"><font face=\"Arial\"><span class=\"customval\">istanbul<\/span><br \/>\n<span class=\"customname\">Ya\u015f:<\/span><\/font><\/font><\/font> <font size=\"2\"><font color=\"#888888\"><font face=\"Arial\"><span class=\"customval\">34<\/span><\/p>\n<p><\/font><\/font><\/font><font size=\"1\"><font color=\"#888888\"><font face=\"Arial\"><span class=\"smalldata\">Pazar, 08.Nisan, 2007 &#8211; 21:46 <\/span><br \/>\n<\/font><\/font><\/font><span class=\"text\"><font size=\"2\" face=\"Arial\">YARABB\u0130M SEN AFFEDICISIN AFFETMEY\u0130 SEVERS\u0130N BEN\u0130DE AFFET YARABB\u0130M.YARABB\u0130M ANNEM\u0130 BABAMI A\u0130LEM\u0130 VE M\u00dcSL\u00dcMAN KARDE\u015eLER\u0130M\u0130 C\u00dcMLEM\u0130Z\u0130 NEF\u0130SLER\u0130M\u0130Z\u0130N \u015eEYTANIN VE \u0130SLAM D\u00dc\u015eMANLARIMIZIN \u015eERR\u0130NDEN KORU.B\u0130Z\u0130 KAZADAN BELADAN NAZARDAN VE T\u00dcM K\u00d6T\u00dcL\u00dcKLERDEN KORU.SEVD\u0130\u011e\u0130N KULLARINDAN OLMAYI NAS\u0130B EYLE.ZOR DURUMDA OLAN M\u00dcSL\u00dcMAN KARDE\u015eLER\u0130ME KURTULU\u015eLAR,ZAFERLER,HAYIRLA R NAS\u0130B EYLE.B\u0130ZE M\u00dcCADELE EDEB\u0130LMEM\u0130Z \u0130\u00c7\u0130N AKIL,F\u0130K\u0130R.\u0130L\u0130M,SABIR VE G\u00dc\u00c7 VER YARABB\u0130M.\u0130SLAM\u0130YET\u0130N D\u00dcNYAYA HAK\u0130M OLMASINI NAS\u0130B EYLE.D\u00dc\u015eMANLARIMIZDAN DO\u011eRU YOLA GELECEKLER\u0130 DO\u011eRU YOLA \u0130LET GELMEYECEKLER\u0130 B\u0130LD\u0130\u011e\u0130N G\u0130B\u0130 YAP YARABB\u0130M.D\u00dc\u015eMANLARIMIZIN OYUNLARINI S\u0130LAHLARINI KEND\u0130 BA\u015eLARINA GE\u00c7\u0130R.D\u0130L UZATANLARIDA B\u0130LD\u0130\u011e\u0130N G\u0130B\u0130 YAP.GE\u00c7M\u0130\u015eLER\u0130M\u0130ZE RAHMET EYLE.KALBLER\u0130M\u0130Z\u0130 SEN\u0130N A\u015eKINLA DOLDUR.NURUNLA NURLANDIR B\u0130ZLER\u0130.M\u00dcSL\u00dcMAN YA\u015eAYIP M\u00dcSL\u00dcMAN \u00d6LMEY\u0130,\u0130SLAM\u0130YETE H\u0130ZMET ETMEY\u0130 VE PEYGAMBER EFEND\u0130M\u0130Z\u0130B (SAV) \u015eEFAAT\u0130NE KAVU\u015eMAYI NAS\u0130B EYLE.B\u0130Z AC\u0130Z KULLARININ HATALARINI AFFET YARABB\u0130M.DO\u011eRUSUNU \u00d6\u011eRENMEY\u0130 VE YAPMAYI NAS\u0130B EYLE.\u0130BADETLER\u0130M\u0130Z\u0130 EKS\u0130KLER\u0130YLE KABUL EYLE EKS\u0130KLER\u0130M\u0130Z\u0130 TAMAMLAMAYI VE \u0130HLASLA \u0130BADET ETMEY\u0130 NAS\u0130B EYLE YARABB\u0130M.ANLAMAYI \u0130DRAK ETMEY\u0130 NAS\u0130B EYLE.NEFS\u0130M\u0130Z\u0130N VE RUHLARIMIZIN \u015e\u0130FASINI NAS\u0130B EYLE.PEYGAMBER EFEND\u0130M\u0130Z\u0130N(SAV)\u0130STED\u0130KLER\u0130N \u0130 BENDE \u0130ST\u0130YORUM KABUL EYLE YARABBIM.DUALARIMIZI KABE DE ED\u0130LEN DUALARLA HA\u015eREYLE VE B\u0130Z\u0130 EFFEYLE YARABB\u0130M.AFFET YARABB\u0130M.AFFET YARABB\u0130M.<\/font><br \/>\n<\/span><\/p>\n","protected":false},"excerpt":{"rendered":"<p>sinan ince Nerden: istanbul Ya\u015f: 34 Pazar, 08.Nisan, 2007 &#8211; 21:46 YARABB\u0130M SEN AFFEDICISIN AFFETMEY\u0130 SEVERS\u0130N BEN\u0130DE AFFET YARABB\u0130M.YARABB\u0130M ANNEM\u0130 BABAMI A\u0130LEM\u0130 VE M\u00dcSL\u00dcMAN KARDE\u015eLER\u0130M\u0130 C\u00dcMLEM\u0130Z\u0130 NEF\u0130SLER\u0130M\u0130Z\u0130N \u015eEYTANIN VE \u0130SLAM D\u00dc\u015eMANLARIMIZIN \u015eERR\u0130NDEN KORU.B\u0130Z\u0130 KAZADAN BELADAN NAZARDAN VE T\u00dcM K\u00d6T\u00dcL\u00dcKLERDEN KORU.SEVD\u0130\u011e\u0130N KULLARINDAN OLMAYI NAS\u0130B EYLE.ZOR DURUMDA OLAN M\u00dcSL\u00dcMAN KARDE\u015eLER\u0130ME KURTULU\u015eLAR,ZAFERLER,HAYIRLA R NAS\u0130B EYLE.B\u0130ZE M\u00dcCADELE EDEB\u0130LMEM\u0130Z \u0130\u00c7\u0130N &hellip; <a href=\"http:\/\/mucize.net\/dualar\/rabbim-bizi-affet.html\" class=\"more-link\">Okumaya devam et<span class=\"screen-reader-text\"> &#8220;Rabbim bizi affet.&#8221;<\/span><\/a><\/p>\n","protected":false},"author":1,"featured_media":0,"comment_status":"open","ping_status":"open","sticky":false,"template":"","format":"standard","meta":[],"categories":[1],"tags":[],"_links":{"self":[{"href":"http:\/\/mucize.net\/dualar\/wp-json\/wp\/v2\/posts\/114"}],"collection":[{"href":"http:\/\/mucize.net\/dualar\/wp-json\/wp\/v2\/posts"}],"about":[{"href":"http:\/\/mucize.net\/dualar\/wp-json\/wp\/v2\/types\/post"}],"author":[{"embeddable":true,"href":"http:\/\/mucize.net\/dualar\/wp-json\/wp\/v2\/users\/1"}],"replies":[{"embeddable":true,"href":"http:\/\/mucize.net\/dualar\/wp-json\/wp\/v2\/comments?post=114"}],"version-history":[{"count":0,"href":"http:\/\/mucize.net\/dualar\/wp-json\/wp\/v2\/posts\/114\/revisions"}],"wp:attachment":[{"href":"http:\/\/mucize.net\/dualar\/wp-json\/wp\/v2\/media?parent=114"}],"wp:term":[{"taxonomy":"category","embeddable":true,"href":"http:\/\/mucize.net\/dualar\/wp-json\/wp\/v2\/categories?post=114"},{"taxonomy":"post_tag","embeddable":true,"href":"http:\/\/mucize.net\/dualar\/wp-json\/wp\/v2\/tags?post=114"}],"curies":[{"name":"wp","href":"https:\/\/api.w.org\/{rel}","templated":true}]}}