{"id":119,"date":"2007-09-16T21:58:52","date_gmt":"2007-09-16T18:58:52","guid":{"rendered":"http:\/\/mucize.net\/dualar\/dualar\/sana-cok-ihtiyacimiz-var-ya-rabbi.html"},"modified":"2007-09-16T21:58:52","modified_gmt":"2007-09-16T18:58:52","slug":"sana-cok-ihtiyacimiz-var-ya-rabbi","status":"publish","type":"post","link":"http:\/\/mucize.net\/dualar\/sana-cok-ihtiyacimiz-var-ya-rabbi.html","title":{"rendered":"SANA \u00c7OK \u0130HT\u0130YACIMIZ VAR YA RABB\u0130!"},"content":{"rendered":"<p style=\"padding-right: 2px; padding-left: 2px\"><span class=\"name\"><font size=\"5\" color=\"#669988\">Ay\u015fe<\/font><\/span><\/p>\n<p style=\"padding-right: 10px; padding-left: 10px\"><span class=\"customname\"><font size=\"2\" color=\"#888888\" face=\"Arial\">Nerden:<\/font><\/span> <font size=\"2\"><font color=\"#888888\"><font face=\"Arial\"><span class=\"customval\">Karab\u00fck<\/span><br \/>\n<span class=\"customname\">Ya\u015f:<\/span><\/font><\/font><\/font> <font size=\"2\"><font color=\"#888888\"><font face=\"Arial\"><span class=\"customval\">38<\/span><\/p>\n<p><\/font><\/font><\/font><font size=\"1\"><font color=\"#888888\"><font face=\"Arial\"><span class=\"smalldata\">Pazar, 08.Nisan, 2007 &#8211; 15:02 <\/span><br \/>\n<\/font><\/font><\/font><span class=\"text\"><font size=\"2\" face=\"Arial\">ALLAHIM!<\/p>\n<p>SEN HER\u015eEY\u0130 EN \u0130Y\u0130 B\u0130LEN, EN \u0130Y\u0130 G\u00d6REN, EN \u0130Y\u0130 \u0130\u015e\u0130TENS\u0130N!<\/p>\n<p>HER\u015eEY\u0130N M\u00dcLK-\u00dc SALTANATINI EL\u0130NDE BULUNDURAN SENS\u0130N!<\/p>\n<p>BUNA \u00c7OK \u0130HT\u0130YACIMIZ VAR YARABB\u0130!<\/p>\n<p>SEN B\u0130ZLER\u0130, A\u0130LEM\u0130Z\u0130, M\u0130LLET\u0130M\u0130Z\u0130,B\u00dcT\u00dcN \u00dcMMET-\u0130 MUHAMMED\u0130, PEYGAMBER\u0130M\u0130Z,EFEND\u0130M\u0130Z, HZ. MUHAMMED MUSTAFA(S.A.V)&#8217;\u0130N \u00dcST\u00dcN AHL\u00c2KIYLA AHL\u00c2KLANDIR.<\/p>\n<p>\u0130HT\u0130YACIMIZ \u00c7OK BUNA YARAB !<br \/>\nKABUL BUYUR DUAMIZI \u0130LAH\u0130 DERGAHINDA YARABB\u0130!<br \/>\nAM\u0130N!<\/font><\/span><\/p>\n<p style=\"padding-right: 10px; padding-left: 10px\"><span class=\"text\"><\/span><\/p>\n<p style=\"padding-right: 10px; padding-left: 10px\"><span class=\"text\"><\/p>\n<table border=\"0\" align=\"center\" width=\"500\" cellPadding=\"0\" cellSpacing=\"0\" class=\"border\">\n<tr>\n<td>\n<table border=\"0\" width=\"100%\" cellPadding=\"3\" cellSpacing=\"1\">\n<tr>\n<td class=\"bgcomment\"><strong>s\u00fcmeyye<\/strong><br \/>\n<span style=\"font-size: 10px\">08.04.2007 &#8211; 17:50:22 <\/span><\/p>\n<p>ne ne g\u00fczel bir dua.Amin.<\/td>\n<\/tr>\n<\/table>\n<\/td>\n<\/tr>\n<tr>\n<td>\n<table border=\"0\" width=\"100%\" cellPadding=\"3\" cellSpacing=\"1\">\n<tr>\n<td class=\"bgcomment\"><strong>KAD\u0130R BABA<\/strong><br \/>\n<span style=\"font-size: 10px\">08.04.2007 &#8211; 18:20:42 <\/span><\/p>\n<p>ALLAH RAZI OLSUN DUA DOSTUM TEMENN\u0130LER\u0130N\u0130Z \u0130\u00c7\u0130N.ALLAH C\u00dcMLEM\u0130Z\u0130NK\u0130N\u0130 BA\u011eI\u015eLASIN.AM\u0130N.<br \/>\nDUAN \u0130\u00c7\u0130N AM\u0130N.AM\u0130N.AM\u0130N.SELAMETLE&#8230;<\/td>\n<\/tr>\n<\/table>\n<\/td>\n<\/tr>\n<tr>\n<td>\n<table border=\"0\" width=\"100%\" cellPadding=\"3\" cellSpacing=\"1\">\n<tr>\n<td class=\"bgcomment\"><strong>Ay\u015fe(Karab\u00fck)<\/strong><br \/>\n<span style=\"font-size: 10px\">08.04.2007 &#8211; 19:05:44 <\/span><\/p>\n<p>G\u00fczel de\u011fil mi S\u00fcmeyyeci\u011fim! Sen de \u00e7ooook g\u00fczelsin ! sa\u011folas\u0131n!Allah sana ve ailene b\u00fct\u00fcn g\u00fczellikleri versin. Vefat eden babac\u0131\u011f\u0131ndan da rahmetini hi\u00e7 esirgemesin! sevgiler, selamlar..<\/td>\n<\/tr>\n<\/table>\n<\/td>\n<\/tr>\n<tr>\n<td>\n<table border=\"0\" width=\"100%\" cellPadding=\"3\" cellSpacing=\"1\">\n<tr>\n<td class=\"bgcomment\"><strong>REYHAN KU\u015eADASI<\/strong><br \/>\n<span style=\"font-size: 10px\">08.04.2007 &#8211; 19:45:05 <\/span><\/p>\n<p>\u00e7ok g\u00fczel etmi\u015fsin duan hay\u0131rlara vesile olsun AM\u0130N<\/td>\n<\/tr>\n<\/table>\n<\/td>\n<\/tr>\n<\/table>\n<p><\/span><\/p>\n","protected":false},"excerpt":{"rendered":"<p>Ay\u015fe Nerden: Karab\u00fck Ya\u015f: 38 Pazar, 08.Nisan, 2007 &#8211; 15:02 ALLAHIM! SEN HER\u015eEY\u0130 EN \u0130Y\u0130 B\u0130LEN, EN \u0130Y\u0130 G\u00d6REN, EN \u0130Y\u0130 \u0130\u015e\u0130TENS\u0130N! HER\u015eEY\u0130N M\u00dcLK-\u00dc SALTANATINI EL\u0130NDE BULUNDURAN SENS\u0130N! BUNA \u00c7OK \u0130HT\u0130YACIMIZ VAR YARABB\u0130! SEN B\u0130ZLER\u0130, A\u0130LEM\u0130Z\u0130, M\u0130LLET\u0130M\u0130Z\u0130,B\u00dcT\u00dcN \u00dcMMET-\u0130 MUHAMMED\u0130, PEYGAMBER\u0130M\u0130Z,EFEND\u0130M\u0130Z, HZ. MUHAMMED MUSTAFA(S.A.V)&#8217;\u0130N \u00dcST\u00dcN AHL\u00c2KIYLA AHL\u00c2KLANDIR. \u0130HT\u0130YACIMIZ \u00c7OK BUNA YARAB ! KABUL BUYUR DUAMIZI \u0130LAH\u0130 &hellip; <a href=\"http:\/\/mucize.net\/dualar\/sana-cok-ihtiyacimiz-var-ya-rabbi.html\" class=\"more-link\">Okumaya devam et<span class=\"screen-reader-text\"> &#8220;SANA \u00c7OK \u0130HT\u0130YACIMIZ VAR YA RABB\u0130!&#8221;<\/span><\/a><\/p>\n","protected":false},"author":1,"featured_media":0,"comment_status":"open","ping_status":"open","sticky":false,"template":"","format":"standard","meta":[],"categories":[1],"tags":[],"_links":{"self":[{"href":"http:\/\/mucize.net\/dualar\/wp-json\/wp\/v2\/posts\/119"}],"collection":[{"href":"http:\/\/mucize.net\/dualar\/wp-json\/wp\/v2\/posts"}],"about":[{"href":"http:\/\/mucize.net\/dualar\/wp-json\/wp\/v2\/types\/post"}],"author":[{"embeddable":true,"href":"http:\/\/mucize.net\/dualar\/wp-json\/wp\/v2\/users\/1"}],"replies":[{"embeddable":true,"href":"http:\/\/mucize.net\/dualar\/wp-json\/wp\/v2\/comments?post=119"}],"version-history":[{"count":0,"href":"http:\/\/mucize.net\/dualar\/wp-json\/wp\/v2\/posts\/119\/revisions"}],"wp:attachment":[{"href":"http:\/\/mucize.net\/dualar\/wp-json\/wp\/v2\/media?parent=119"}],"wp:term":[{"taxonomy":"category","embeddable":true,"href":"http:\/\/mucize.net\/dualar\/wp-json\/wp\/v2\/categories?post=119"},{"taxonomy":"post_tag","embeddable":true,"href":"http:\/\/mucize.net\/dualar\/wp-json\/wp\/v2\/tags?post=119"}],"curies":[{"name":"wp","href":"https:\/\/api.w.org\/{rel}","templated":true}]}}