{"id":80,"date":"2007-09-15T10:23:31","date_gmt":"2007-09-15T07:23:31","guid":{"rendered":"http:\/\/mucize.net\/dualar\/dualar\/allahim-darda-kalanlara-yardim-et.html"},"modified":"2007-09-15T10:23:31","modified_gmt":"2007-09-15T07:23:31","slug":"allahim-darda-kalanlara-yardim-et","status":"publish","type":"post","link":"http:\/\/mucize.net\/dualar\/allahim-darda-kalanlara-yardim-et.html","title":{"rendered":"Allah&#8217;\u0131m darda kalanlara yard\u0131m et."},"content":{"rendered":"<p style=\"padding-right: 2px; padding-left: 2px\"><span class=\"name\"><font size=\"5\" color=\"#669988\">TURGAY<\/font><\/span><\/p>\n<p style=\"padding-right: 10px; padding-left: 10px\"><span class=\"customname\"><font size=\"2\" color=\"#888888\" face=\"Arial\">Nerden:<\/font><\/span> <font size=\"2\"><font color=\"#888888\"><font face=\"Arial\"><span class=\"customval\">istanbul<\/span><br \/>\n<span class=\"customname\">Ya\u015f:<\/span><\/font><\/font><\/font> <font size=\"2\"><font color=\"#888888\"><font face=\"Arial\"><span class=\"customval\">29<\/span><\/p>\n<p><\/font><\/font><\/font><font face=\"Arial\"><font size=\"1\"><font color=\"#888888\"><span class=\"smalldata\">Pazartesi, 09.Nisan, 2007 &#8211; 23:48 <\/span><br \/>\n<\/font><\/font><span class=\"text\"><font size=\"2\">Allah&#8217;\u0131m darda kalanlara yard\u0131m et<\/font><\/span><\/font><\/p>\n<p style=\"padding-right: 10px; padding-left: 10px\"><font size=\"2\" face=\"Arial\"><span class=\"text\"><\/span><\/font><\/p>\n<p style=\"padding-right: 10px; padding-left: 10px\"><font size=\"2\" face=\"Arial\"><span class=\"text\"><\/p>\n<table border=\"0\" align=\"center\" width=\"500\" cellPadding=\"0\" cellSpacing=\"0\" class=\"border\">\n<tr>\n<td>\n<table border=\"0\" width=\"100%\" cellPadding=\"3\" cellSpacing=\"1\">\n<tr>\n<td class=\"bgcomment\"><strong>cihan<\/strong><br \/>\n<span style=\"font-size: 10px\">10.04.2007 &#8211; 10:01:38 <\/span><\/p>\n<p>amin amin karde\u015fim<\/td>\n<\/tr>\n<\/table>\n<\/td>\n<\/tr>\n<tr>\n<td>\n<table border=\"0\" width=\"100%\" cellPadding=\"3\" cellSpacing=\"1\">\n<tr>\n<td class=\"bgcomment\"><strong>meral<\/strong><br \/>\n<span style=\"font-size: 10px\">10.04.2007 &#8211; 13:11:46 <\/span><\/p>\n<p>Amin.Allah raz\u0131 olsun<\/td>\n<\/tr>\n<\/table>\n<\/td>\n<\/tr>\n<tr>\n<td>\n<table border=\"0\" width=\"100%\" cellPadding=\"3\" cellSpacing=\"1\">\n<tr>\n<td class=\"bgcomment\"><strong>ESRA(\u0130STANBUL)<\/strong><br \/>\n<span style=\"font-size: 10px\">10.04.2007 &#8211; 13:31:06 <\/span><\/p>\n<p>amin amin<\/td>\n<\/tr>\n<\/table>\n<\/td>\n<\/tr>\n<tr>\n<td>\n<table border=\"0\" width=\"100%\" cellPadding=\"3\" cellSpacing=\"1\">\n<tr>\n<td class=\"bgcomment\"><strong>asuman<\/strong><br \/>\n<span style=\"font-size: 10px\">10.04.2007 &#8211; 21:13:25 <\/span><\/p>\n<p>AM\u0130N.AM\u0130N.AM\u0130N<\/td>\n<\/tr>\n<\/table>\n<\/td>\n<\/tr>\n<tr>\n<td>\n<table border=\"0\" width=\"100%\" cellPadding=\"3\" cellSpacing=\"1\">\n<tr>\n<td class=\"bgcomment\"><strong>HAT\u0130CE<\/strong><br \/>\n<span style=\"font-size: 10px\">10.04.2007 &#8211; 23:14:47 <\/span><\/p>\n<p>AM\u0130N AM\u0130N AM\u0130N CANIM KARDE\u015e\u0130M<\/td>\n<\/tr>\n<\/table>\n<\/td>\n<\/tr>\n<tr>\n<td>\n<table border=\"0\" width=\"100%\" cellPadding=\"3\" cellSpacing=\"1\">\n<tr>\n<td class=\"bgcomment\"><strong>SERMIN<\/strong><br \/>\n<span style=\"font-size: 10px\">17.08.2007 &#8211; 23:26:33 <\/span><\/p>\n<p>ALLAH RAZI OLSUN ALLAH NE MURADIN VARSA VERSIN<\/td>\n<\/tr>\n<\/table>\n<\/td>\n<\/tr>\n<\/table>\n<p><\/span><\/font><\/p>\n","protected":false},"excerpt":{"rendered":"<p>TURGAY Nerden: istanbul Ya\u015f: 29 Pazartesi, 09.Nisan, 2007 &#8211; 23:48 Allah&#8217;\u0131m darda kalanlara yard\u0131m et cihan 10.04.2007 &#8211; 10:01:38 amin amin karde\u015fim meral 10.04.2007 &#8211; 13:11:46 Amin.Allah raz\u0131 olsun ESRA(\u0130STANBUL) 10.04.2007 &#8211; 13:31:06 amin amin asuman 10.04.2007 &#8211; 21:13:25 AM\u0130N.AM\u0130N.AM\u0130N HAT\u0130CE 10.04.2007 &#8211; 23:14:47 AM\u0130N AM\u0130N AM\u0130N CANIM KARDE\u015e\u0130M SERMIN 17.08.2007 &#8211; 23:26:33 ALLAH RAZI &hellip; <a href=\"http:\/\/mucize.net\/dualar\/allahim-darda-kalanlara-yardim-et.html\" class=\"more-link\">Okumaya devam et<span class=\"screen-reader-text\"> &#8220;Allah&#8217;\u0131m darda kalanlara yard\u0131m et.&#8221;<\/span><\/a><\/p>\n","protected":false},"author":1,"featured_media":0,"comment_status":"open","ping_status":"open","sticky":false,"template":"","format":"standard","meta":[],"categories":[1],"tags":[],"_links":{"self":[{"href":"http:\/\/mucize.net\/dualar\/wp-json\/wp\/v2\/posts\/80"}],"collection":[{"href":"http:\/\/mucize.net\/dualar\/wp-json\/wp\/v2\/posts"}],"about":[{"href":"http:\/\/mucize.net\/dualar\/wp-json\/wp\/v2\/types\/post"}],"author":[{"embeddable":true,"href":"http:\/\/mucize.net\/dualar\/wp-json\/wp\/v2\/users\/1"}],"replies":[{"embeddable":true,"href":"http:\/\/mucize.net\/dualar\/wp-json\/wp\/v2\/comments?post=80"}],"version-history":[{"count":0,"href":"http:\/\/mucize.net\/dualar\/wp-json\/wp\/v2\/posts\/80\/revisions"}],"wp:attachment":[{"href":"http:\/\/mucize.net\/dualar\/wp-json\/wp\/v2\/media?parent=80"}],"wp:term":[{"taxonomy":"category","embeddable":true,"href":"http:\/\/mucize.net\/dualar\/wp-json\/wp\/v2\/categories?post=80"},{"taxonomy":"post_tag","embeddable":true,"href":"http:\/\/mucize.net\/dualar\/wp-json\/wp\/v2\/tags?post=80"}],"curies":[{"name":"wp","href":"https:\/\/api.w.org\/{rel}","templated":true}]}}