{"id":90,"date":"2007-09-15T11:01:15","date_gmt":"2007-09-15T08:01:15","guid":{"rendered":"http:\/\/mucize.net\/dualar\/dualar\/kendi-lutfunla-benim-niyetimi-olgun-saf-ve-berrak-kil.html"},"modified":"2007-09-15T11:01:15","modified_gmt":"2007-09-15T08:01:15","slug":"kendi-lutfunla-benim-niyetimi-olgun-saf-ve-berrak-kil","status":"publish","type":"post","link":"http:\/\/mucize.net\/dualar\/kendi-lutfunla-benim-niyetimi-olgun-saf-ve-berrak-kil.html","title":{"rendered":"Kendi L\u00fctfunla benim niyetimi olgun, saf ve berrak k\u0131l."},"content":{"rendered":"<p style=\"padding-right: 2px; padding-left: 2px\"><span class=\"name\"><font size=\"5\" color=\"#669988\">Ali Said Er<\/font><\/span><\/p>\n<p style=\"padding-right: 10px; padding-left: 10px\"><span class=\"customname\"><font size=\"2\" color=\"#888888\" face=\"Arial\">Nerden:<\/font><\/span> <font size=\"2\"><font color=\"#888888\"><font face=\"Arial\"><span class=\"customval\">Karaman<\/span><br \/>\n<span class=\"customname\">Ya\u015f:<\/span><\/font><\/font><\/font> <font size=\"2\"><font color=\"#888888\"><font face=\"Arial\"><span class=\"customval\">35<\/span><\/p>\n<p><\/font><\/font><\/font><font size=\"1\"><font color=\"#888888\"><font face=\"Arial\"><span class=\"smalldata\">Pazartesi, 09.Nisan, 2007 &#8211; 13:44 <\/span><br \/>\n<\/font><\/font><\/font><span class=\"text\"><font size=\"2\" face=\"Arial\">\u0130l\u00e2h\u00ee!<br \/>\nMuhammed, sallall\u00e2hu aleyhi ve sellem, ve \u00e2line rahmet g\u00f6nder.<br \/>\n\u00cem\u00e2n\u0131m\u0131, \u00eem\u00e2n\u0131n en olgun ve y\u00fcce derecelerine ula\u015ft\u0131r.<br \/>\n\u0130nan\u00e7 ve ak\u00eedemi de, ak\u00eedelerin en faz\u00eeletli noktas\u0131na eri\u015ftir.<br \/>\nNiyetimi, niyetlerin en iyisine, amelimi, amellerin en g\u00fczel noktas\u0131na y\u00fccelt.<\/p>\n<p>\u0130l\u00e2h\u00ee!<br \/>\nKendi L\u00fctfunla benim niyetimi olgun, saf ve berrak k\u0131l.<\/p>\n<p>\u0130l\u00e2h\u00ee!<br \/>\n\u0130nanc\u0131m\u0131 sa\u011flam ve sabit k\u0131larken, Kudretinle de benden do\u011fmu\u015f k\u00f6t\u00fcl\u00fckleri \u0131slah buyur.<\/p>\n<p>Ey Y\u00fcce Rabbim!<br \/>\nMuhammed, sallall\u00e2hu aleyhi ve sellem, ve \u00e2line rahmet g\u00f6nder.<br \/>\nG\u00f6nl\u00fcm\u00fcn s\u00fcrekli me\u015fgul oldu\u011fu az\u0131\u011f\u0131n\u0131 yeterli k\u0131l.<br \/>\nZaman\u0131m\u0131, yaln\u0131zca yarat\u0131l\u0131\u015f sebebim olan \u015feylerde harcat.<br \/>\nBeni Senden ba\u015fkalar\u0131na yakar\u0131c\u0131 k\u0131lma.<br \/>\nBana Rahmet sofran\u0131 yay.<br \/>\nBeni mal, m\u00fclk, mevki ve \u015f\u00f6hret h\u0131rs\u0131ndan koru.<br \/>\n\u0130zzet ve \u015ferefimi, kibir ve gururun pe\u015finden dolanan bir tutkun eyleme.<br \/>\nBeni Kendi kullu\u011funa r\u00e2m k\u0131l.<br \/>\n\u0130b\u00e2detlerimi, kendini be\u011fenmi\u015flik i\u00e7inde yok etme.<\/p>\n<p>Benim elimden insanlara hayr y\u00f6nelt.<br \/>\nEllerimin insanlara hep hayr verici olmas\u0131n\u0131 dilerim.<br \/>\nBana Y\u00fcce Ahl\u00e2k\u0131 ba\u011f\u0131\u015fla.<br \/>\nBeni, kendini be\u011fenmi\u015flikten ve kendini \u00f6vmekten sak\u0131nd\u0131r.<\/p>\n<p>\u0130l\u00e2h\u00ee!<br \/>\nMuhammed, sallall\u00e2hu aleyhi ve sellem, ve \u00e2line rahmet eyle.<br \/>\nSenin d\u00eeninin yerine sap\u0131k y\u00f6ntem ve yollar edinmeyece\u011fim; Senin Hakk olan yolundan sapmayaca\u011f\u0131m!<br \/>\nHid\u00e2yetine eri\u015fmeyi benim i\u00e7in de kolayla\u015ft\u0131r.<br \/>\nBeni, \u00f6mr\u00fcm oldu\u011fu s\u00fcrece, Sana itaat yolunda bir hizmetk\u00e2r olarak ya\u015fat.<\/p>\n<p>Rabbim!<br \/>\nBenim hakk\u0131mda:<br \/>\nKincilerin \u015fiddetli kinini sevgiye,<br \/>\nIslah ehlinin ku\u015fkular\u0131n\u0131 g\u00fcvene,<br \/>\nYak\u0131nlar\u0131n d\u00fc\u015fmanl\u0131\u011f\u0131n\u0131 dostlu\u011fa,<br \/>\nAkrabalar\u0131n ge\u00e7imsizli\u011fini iyili\u011fe,<br \/>\nAkrabalar\u0131n umursamazl\u0131k ve \u00f6nemsemeyi\u015flerini yard\u0131ma,<br \/>\nYaln\u0131zca ho\u015f sohbetlere dayal\u0131 arkada\u015fl\u0131klar\u0131 ger\u00e7ek dostlu\u011fa,<br \/>\nHakaret ve hafife almaya dayal\u0131 arkada\u015fl\u0131\u011f\u0131 samimiyete,<br \/>\nSitemcilerin ac\u0131 veren korkular\u0131n\u0131 tatl\u0131 bir g\u00fcvenceye \u00e7evir.<\/p>\n<p>\u0130l\u00e2h\u00ee!<br \/>\nMuhammed, sallall\u00e2hu aleyhi ve sellem, ve \u00e2line rahmetini g\u00f6nder.<br \/>\nBana sitem edene kar\u015f\u0131 dilimi;<br \/>\nBenimle sava\u015fan d\u00fc\u015fmana kar\u015f\u0131 elimi;<br \/>\nVe k\u00fcf\u00fcrde inatla\u015fana kar\u015f\u0131 da im\u00e2n\u0131m\u0131 muzaffer k\u0131l.<br \/>\nBana tuzak kurana kar\u015f\u0131 tuza\u011f\u0131m\u0131; zulmetmek isteyene kar\u015f\u0131 g\u00fcc\u00fcm\u00fc; beni ay\u0131playarak bana s\u00f6vene kar\u015f\u0131, onu yalanlay\u0131p, ona kar\u015f\u0131 durma g\u00fcc\u00fcn\u00fc ve beni tehdit edene kar\u015f\u0131 sel\u00e2metimi bana ba\u011f\u0131\u015fla. <\/font><\/span><\/p>\n","protected":false},"excerpt":{"rendered":"<p>Ali Said Er Nerden: Karaman Ya\u015f: 35 Pazartesi, 09.Nisan, 2007 &#8211; 13:44 \u0130l\u00e2h\u00ee! Muhammed, sallall\u00e2hu aleyhi ve sellem, ve \u00e2line rahmet g\u00f6nder. \u00cem\u00e2n\u0131m\u0131, \u00eem\u00e2n\u0131n en olgun ve y\u00fcce derecelerine ula\u015ft\u0131r. \u0130nan\u00e7 ve ak\u00eedemi de, ak\u00eedelerin en faz\u00eeletli noktas\u0131na eri\u015ftir. Niyetimi, niyetlerin en iyisine, amelimi, amellerin en g\u00fczel noktas\u0131na y\u00fccelt. \u0130l\u00e2h\u00ee! Kendi L\u00fctfunla benim niyetimi olgun, &hellip; <a href=\"http:\/\/mucize.net\/dualar\/kendi-lutfunla-benim-niyetimi-olgun-saf-ve-berrak-kil.html\" class=\"more-link\">Okumaya devam et<span class=\"screen-reader-text\"> &#8220;Kendi L\u00fctfunla benim niyetimi olgun, saf ve berrak k\u0131l.&#8221;<\/span><\/a><\/p>\n","protected":false},"author":1,"featured_media":0,"comment_status":"open","ping_status":"open","sticky":false,"template":"","format":"standard","meta":[],"categories":[1],"tags":[],"_links":{"self":[{"href":"http:\/\/mucize.net\/dualar\/wp-json\/wp\/v2\/posts\/90"}],"collection":[{"href":"http:\/\/mucize.net\/dualar\/wp-json\/wp\/v2\/posts"}],"about":[{"href":"http:\/\/mucize.net\/dualar\/wp-json\/wp\/v2\/types\/post"}],"author":[{"embeddable":true,"href":"http:\/\/mucize.net\/dualar\/wp-json\/wp\/v2\/users\/1"}],"replies":[{"embeddable":true,"href":"http:\/\/mucize.net\/dualar\/wp-json\/wp\/v2\/comments?post=90"}],"version-history":[{"count":0,"href":"http:\/\/mucize.net\/dualar\/wp-json\/wp\/v2\/posts\/90\/revisions"}],"wp:attachment":[{"href":"http:\/\/mucize.net\/dualar\/wp-json\/wp\/v2\/media?parent=90"}],"wp:term":[{"taxonomy":"category","embeddable":true,"href":"http:\/\/mucize.net\/dualar\/wp-json\/wp\/v2\/categories?post=90"},{"taxonomy":"post_tag","embeddable":true,"href":"http:\/\/mucize.net\/dualar\/wp-json\/wp\/v2\/tags?post=90"}],"curies":[{"name":"wp","href":"https:\/\/api.w.org\/{rel}","templated":true}]}}